{"id":5683439,"date":"2022-06-21T09:41:49","date_gmt":"2022-06-21T07:41:49","guid":{"rendered":"https:\/\/mtechgroup.com\/groupe-mtech-a-genera-2022\/"},"modified":"2022-06-21T09:41:49","modified_gmt":"2022-06-21T07:41:49","slug":"groupe-mtech-a-genera-2022","status":"publish","type":"post","link":"https:\/\/mtechgroup.com\/fr\/groupe-mtech-a-genera-2022\/","title":{"rendered":"Groupe Mtech \u00e0 Genera 2022"},"content":{"rendered":"<p>Corps du texte : Merci \u00e0 tous les clients, fournisseurs et collaborateurs qui nous ont rendu visite lors de la 25e \u00e9dition de Genera 2022,<br \/>\norganis\u00e9e par IFEMA MADRID, les 14, 15 et 16 juin.<\/p>\n<p>Pendant trois jours, nous avons partag\u00e9 nos solutions \u00e0 360\u00ba pour le secteur des \u00e9nergies renouvelables et de l&rsquo;efficacit\u00e9 \u00e9nerg\u00e9tique. Nous avons \u00e9galement pr\u00e9sent\u00e9 pour la premi\u00e8re fois notre propre micro-r\u00e9seau, install\u00e9 dans notre usine de Pinto. Il s&rsquo;agit du premier type d&rsquo;isolation industrielle en Espagne.  <\/p>\n<p>Cette ann\u00e9e, Genera 2022 a accueilli 237 exposants de 64 pays et plus de 18 000 visiteurs.<\/p>\n<p>A l&rsquo;ann\u00e9e prochaine !<\/p>\n<p><img fetchpriority=\"high\" decoding=\"async\" class=\"\" src=\"https:\/\/mtechgroup.com\/wp-content\/uploads\/2022\/06\/Stand-1.1-768x807.jpeg\" sizes=\"(max-width: 768px) 100vw, 768px\" srcset=\"https:\/\/mtechgroup.com\/wp-content\/uploads\/2022\/06\/Stand-1.1-768x807.jpeg 768w, http:\/\/mtechgroup.com\/wp-content\/uploads\/2022\/06\/Stand-1.1-286x300.jpeg 286w, http:\/\/mtechgroup.com\/wp-content\/uploads\/2022\/06\/Stand-1.1-975x1024.jpeg 975w, http:\/\/mtechgroup.com\/wp-content\/uploads\/2022\/06\/Stand-1.1-1462x1536.jpeg 1462w, http:\/\/mtechgroup.com\/wp-content\/uploads\/2022\/06\/Stand-1.1.jpeg 1536w\" alt=\"Stand \u00e0 Genera 22\" width=\"378\" height=\"397\"><\/p>\n","protected":false},"excerpt":{"rendered":"<p>Corps du texte : Merci \u00e0 tous les clients, fournisseurs et collaborateurs qui nous ont rendu visite lors de la 25e \u00e9dition de Genera 2022, organis\u00e9e par IFEMA MADRID, les 14, 15 et 16 juin. Pendant trois jours, nous avons partag\u00e9 nos solutions \u00e0 360\u00ba pour le secteur des \u00e9nergies renouvelables et de l&rsquo;efficacit\u00e9 \u00e9nerg\u00e9tique. [&hellip;]<\/p>\n","protected":false},"author":1,"featured_media":5681928,"comment_status":"open","ping_status":"open","sticky":false,"template":"","format":"standard","meta":{"_acf_changed":false,"footnotes":""},"categories":[90],"tags":[],"class_list":["post-5683439","post","type-post","status-publish","format-standard","has-post-thumbnail","hentry","category-entreprise"],"acf":[],"_links":{"self":[{"href":"https:\/\/mtechgroup.com\/fr\/wp-json\/wp\/v2\/posts\/5683439","targetHints":{"allow":["GET"]}}],"collection":[{"href":"https:\/\/mtechgroup.com\/fr\/wp-json\/wp\/v2\/posts"}],"about":[{"href":"https:\/\/mtechgroup.com\/fr\/wp-json\/wp\/v2\/types\/post"}],"author":[{"embeddable":true,"href":"https:\/\/mtechgroup.com\/fr\/wp-json\/wp\/v2\/users\/1"}],"replies":[{"embeddable":true,"href":"https:\/\/mtechgroup.com\/fr\/wp-json\/wp\/v2\/comments?post=5683439"}],"version-history":[{"count":0,"href":"https:\/\/mtechgroup.com\/fr\/wp-json\/wp\/v2\/posts\/5683439\/revisions"}],"wp:featuredmedia":[{"embeddable":true,"href":"https:\/\/mtechgroup.com\/fr\/wp-json\/wp\/v2\/media\/5681928"}],"wp:attachment":[{"href":"https:\/\/mtechgroup.com\/fr\/wp-json\/wp\/v2\/media?parent=5683439"}],"wp:term":[{"taxonomy":"category","embeddable":true,"href":"https:\/\/mtechgroup.com\/fr\/wp-json\/wp\/v2\/categories?post=5683439"},{"taxonomy":"post_tag","embeddable":true,"href":"https:\/\/mtechgroup.com\/fr\/wp-json\/wp\/v2\/tags?post=5683439"}],"curies":[{"name":"wp","href":"https:\/\/api.w.org\/{rel}","templated":true}]}}